{"id":1371,"date":"2025-10-30T12:22:58","date_gmt":"2025-10-30T11:22:58","guid":{"rendered":"https:\/\/www.indusfoodsolutions.com\/sin-categorizar\/tot-lequipament-necessari-per-a-una-cuina-professional\/"},"modified":"2025-11-03T20:06:42","modified_gmt":"2025-11-03T19:06:42","slug":"tot-lequipament-necessari-per-a-una-cuina-professional","status":"publish","type":"post","link":"https:\/\/www.indusfoodsolutions.com\/ca\/blog-ca\/tot-lequipament-necessari-per-a-una-cuina-professional\/","title":{"rendered":"TOT l&#8217;Equipament necessari per a una Cuina Professional"},"content":{"rendered":"\t\t<div data-elementor-type=\"wp-post\" data-elementor-id=\"1371\" class=\"elementor elementor-1371 elementor-1321\" data-elementor-post-type=\"post\">\n\t\t\t\t<div class=\"elementor-element elementor-element-22b6513 e-flex e-con-boxed e-con e-parent\" data-id=\"22b6513\" data-element_type=\"container\" data-e-type=\"container\">\n\t\t\t\t\t<div class=\"e-con-inner\">\n\t\t<div class=\"elementor-element elementor-element-c96dfbc e-con-full e-flex e-con e-child\" data-id=\"c96dfbc\" data-element_type=\"container\" data-e-type=\"container\">\n\t\t\t\t<div class=\"elementor-element elementor-element-e830d40 elementor-widget elementor-widget-theme-post-title elementor-page-title elementor-widget-heading\" data-id=\"e830d40\" data-element_type=\"widget\" data-e-type=\"widget\" data-widget_type=\"theme-post-title.default\">\n\t\t\t\t<div class=\"elementor-widget-container\">\n\t\t\t\t\t<h1 class=\"elementor-heading-title elementor-size-default\">TOT l&#8217;Equipament necessari per a una Cuina Professional<\/h1>\t\t\t\t<\/div>\n\t\t\t\t<\/div>\n\t\t\t\t<div class=\"elementor-element elementor-element-de206bf elementor-widget elementor-widget-theme-post-featured-image elementor-widget-image\" data-id=\"de206bf\" data-element_type=\"widget\" data-e-type=\"widget\" data-widget_type=\"theme-post-featured-image.default\">\n\t\t\t\t<div class=\"elementor-widget-container\">\n\t\t\t\t\t\t\t\t\t\t\t\t\t\t\t<img fetchpriority=\"high\" decoding=\"async\" width=\"768\" height=\"512\" src=\"https:\/\/www.indusfoodsolutions.com\/wp-content\/uploads\/2025\/10\/equipament-necessari-per-una-cuina-professional.jpg\" class=\"attachment-full size-full wp-image-1372\" alt=\"\" srcset=\"https:\/\/www.indusfoodsolutions.com\/wp-content\/uploads\/2025\/10\/equipament-necessari-per-una-cuina-professional.jpg 768w, https:\/\/www.indusfoodsolutions.com\/wp-content\/uploads\/2025\/10\/equipament-necessari-per-una-cuina-professional-300x200.jpg 300w\" sizes=\"(max-width: 768px) 100vw, 768px\" \/>\t\t\t\t\t\t\t\t\t\t\t\t\t\t\t<\/div>\n\t\t\t\t<\/div>\n\t\t\t\t<div class=\"elementor-element elementor-element-f25e878 elementor-widget elementor-widget-text-editor\" data-id=\"f25e878\" data-element_type=\"widget\" data-e-type=\"widget\" data-widget_type=\"text-editor.default\">\n\t\t\t\t<div class=\"elementor-widget-container\">\n\t\t\t\t\t\t\t\t\t<p>Muntar una <strong>cuina professional<\/strong> requereix molt m\u00e9s que bons ingredients i un xef amb talent. L&#8217;\u00e8xit de qualsevol <strong>restaurant, obrador o empresa de c\u00e0tering<\/strong> dep\u00e8n en gran part de comptar amb l&#8217;equipament adequat, dissenyat per treballar amb seguretat, efici\u00e8ncia i complir les exig\u00e8ncies sanit\u00e0ries. <\/p><p>En aquest article descobrireu <strong>tot l&#8217;equipament essencial que ha de tenir una cuina professional<\/strong>, des dels equips de cocci\u00f3 i refrigeraci\u00f3, fins als sistemes d&#8217;higiene i emmagatzematge.<\/p>\t\t\t\t\t\t\t\t<\/div>\n\t\t\t\t<\/div>\n\t\t\t\t<div class=\"elementor-element elementor-element-2ad7000 elementor-toc--minimized-on-tablet elementor-widget elementor-widget-table-of-contents\" data-id=\"2ad7000\" data-element_type=\"widget\" data-e-type=\"widget\" data-settings=\"{&quot;headings_by_tags&quot;:[&quot;h2&quot;,&quot;h3&quot;],&quot;exclude_headings_by_selector&quot;:[],&quot;no_headings_message&quot;:&quot;No se ha encontrado ning\\u00fan encabezado en esta p\\u00e1gina.&quot;,&quot;marker_view&quot;:&quot;numbers&quot;,&quot;minimize_box&quot;:&quot;yes&quot;,&quot;minimized_on&quot;:&quot;tablet&quot;,&quot;hierarchical_view&quot;:&quot;yes&quot;,&quot;min_height&quot;:{&quot;unit&quot;:&quot;px&quot;,&quot;size&quot;:&quot;&quot;,&quot;sizes&quot;:[]},&quot;min_height_tablet&quot;:{&quot;unit&quot;:&quot;px&quot;,&quot;size&quot;:&quot;&quot;,&quot;sizes&quot;:[]},&quot;min_height_mobile&quot;:{&quot;unit&quot;:&quot;px&quot;,&quot;size&quot;:&quot;&quot;,&quot;sizes&quot;:[]}}\" data-widget_type=\"table-of-contents.default\">\n\t\t\t\t<div class=\"elementor-widget-container\">\n\t\t\t\t\t\t\t\t\t<div class=\"elementor-toc__header\">\n\t\t\t\t\t\t<div class=\"elementor-toc__header-title\">\n\t\t\t\t\u00cdndex de continguts\t\t\t<\/div>\n\t\t\t\t\t\t\t\t\t\t<div class=\"elementor-toc__toggle-button elementor-toc__toggle-button--expand\" role=\"button\" tabindex=\"0\" aria-controls=\"elementor-toc__2ad7000\" aria-expanded=\"true\" aria-label=\"Open table of contents\"><i aria-hidden=\"true\" class=\"fas fa-chevron-down\"><\/i><\/div>\n\t\t\t\t<div class=\"elementor-toc__toggle-button elementor-toc__toggle-button--collapse\" role=\"button\" tabindex=\"0\" aria-controls=\"elementor-toc__2ad7000\" aria-expanded=\"true\" aria-label=\"Close table of contents\"><i aria-hidden=\"true\" class=\"fas fa-chevron-up\"><\/i><\/div>\n\t\t\t\t\t<\/div>\n\t\t\t\t<div id=\"elementor-toc__2ad7000\" class=\"elementor-toc__body\">\n\t\t\t<div class=\"elementor-toc__spinner-container\">\n\t\t\t\t<i class=\"elementor-toc__spinner eicon-animation-spin eicon-loading\" aria-hidden=\"true\"><\/i>\t\t\t<\/div>\n\t\t<\/div>\n\t\t\t\t\t\t<\/div>\n\t\t\t\t<\/div>\n\t\t\t\t<div class=\"elementor-element elementor-element-d733601 elementor-widget elementor-widget-heading\" data-id=\"d733601\" data-element_type=\"widget\" data-e-type=\"widget\" data-widget_type=\"heading.default\">\n\t\t\t\t<div class=\"elementor-widget-container\">\n\t\t\t\t\t<h2 class=\"elementor-heading-title elementor-size-default\">Qu\u00e8 es considera una Cuina Professional?<\/h2>\t\t\t\t<\/div>\n\t\t\t\t<\/div>\n\t\t\t\t<div class=\"elementor-element elementor-element-fc59760 elementor-widget elementor-widget-text-editor\" data-id=\"fc59760\" data-element_type=\"widget\" data-e-type=\"widget\" data-widget_type=\"text-editor.default\">\n\t\t\t\t<div class=\"elementor-widget-container\">\n\t\t\t\t\t\t\t\t\t<p><strong>Una cuina professional \u00e9s un espai dissenyat per a l&#8217;elaboraci\u00f3 d&#8217;aliments a gran escala, complint criteris d&#8217;higiene, seguretat i efici\u00e8ncia operativa estrictes.<\/strong> A difer\u00e8ncia d&#8217;una cuina dom\u00e8stica, est\u00e0 pensada per suportar un \u00fas intensiu, amb equips industrials capa\u00e7os de mantenir una producci\u00f3 constant i garantir la qualitat del producte final.<\/p><p>Hi ha diferents <strong>tipus de cuines professionals<\/strong> segons l&#8217;activitat i el volum de producci\u00f3:<\/p><ul><li><strong>Cuines de restaurant o hotel<\/strong>, enfocades a l&#8217;elaboraci\u00f3 de plats al moment.<\/li><li><strong>Cuines industrials o col\u00b7lectivitats<\/strong>, destinades a grans volums de producci\u00f3 (menjadors, hospitals, escoles).<\/li><li><strong>Obradors i c\u00e0terings<\/strong>, on la planificaci\u00f3 i conservaci\u00f3 s\u00f3n essencials.<\/li><li><strong>Food trucks o cuines m\u00f2bils<\/strong>, que requereixen equips compactes i vers\u00e0tils.<\/li><\/ul>\t\t\t\t\t\t\t\t<\/div>\n\t\t\t\t<\/div>\n\t\t\t\t<div class=\"elementor-element elementor-element-c2692bd elementor-widget elementor-widget-heading\" data-id=\"c2692bd\" data-element_type=\"widget\" data-e-type=\"widget\" data-widget_type=\"heading.default\">\n\t\t\t\t<div class=\"elementor-widget-container\">\n\t\t\t\t\t<h2 class=\"elementor-heading-title elementor-size-default\">Equipament b\u00e0sic per a una Cuina Professional<\/h2>\t\t\t\t<\/div>\n\t\t\t\t<\/div>\n\t\t\t\t<div class=\"elementor-element elementor-element-8e45d96 elementor-widget elementor-widget-text-editor\" data-id=\"8e45d96\" data-element_type=\"widget\" data-e-type=\"widget\" data-widget_type=\"text-editor.default\">\n\t\t\t\t<div class=\"elementor-widget-container\">\n\t\t\t\t\t\t\t\t\t<p><strong>L&#8217;equipament d&#8217;una cuina professional ha de garantir rendiment, seguretat i compliment higienicosanitari.<\/strong> Cada \u00e0rea del proc\u00e9s requereix equips espec\u00edfics dissenyats per optimitzar el flux de treball i mantenir la qualitat dels aliments. A continuaci\u00f3, detallem l&#8217;equipament essencial que no pot faltar a cap cuina professional. <\/p>\t\t\t\t\t\t\t\t<\/div>\n\t\t\t\t<\/div>\n\t\t\t\t<div class=\"elementor-element elementor-element-95fa7db elementor-widget elementor-widget-heading\" data-id=\"95fa7db\" data-element_type=\"widget\" data-e-type=\"widget\" data-widget_type=\"heading.default\">\n\t\t\t\t<div class=\"elementor-widget-container\">\n\t\t\t\t\t<h3 class=\"elementor-heading-title elementor-size-default\">Equips de cocci\u00f3<\/h3>\t\t\t\t<\/div>\n\t\t\t\t<\/div>\n\t\t\t\t<div class=\"elementor-element elementor-element-3f355e4 elementor-widget elementor-widget-text-editor\" data-id=\"3f355e4\" data-element_type=\"widget\" data-e-type=\"widget\" data-widget_type=\"text-editor.default\">\n\t\t\t\t<div class=\"elementor-widget-container\">\n\t\t\t\t\t\t\t\t\t<p>Els equips de cocci\u00f3 s\u00f3n el cor de tota cuina professional. Entre els m\u00e9s utilitzats trobem: <\/p><ul><li><strong>Forns industrials:<\/strong> de convecci\u00f3, mixtos o de vapor, permeten cuinar grans quantitats amb precisi\u00f3.<\/li><li><strong>Planxes i graelles:<\/strong> ideals per a carns, peixos o verdures.<\/li><li><strong>Fregidores industrials:<\/strong> garanteixen fregits uniformes i segurs.<\/li><li><strong>Marmites:<\/strong> perfectes per a salses, sopes i caldos en grans volums.<\/li><li><strong>Banys maria i cuines modulars:<\/strong> faciliten la versatilitat en la preparaci\u00f3.<\/li><\/ul>\t\t\t\t\t\t\t\t<\/div>\n\t\t\t\t<\/div>\n\t\t\t\t<div class=\"elementor-element elementor-element-74cc67b elementor-widget elementor-widget-heading\" data-id=\"74cc67b\" data-element_type=\"widget\" data-e-type=\"widget\" data-widget_type=\"heading.default\">\n\t\t\t\t<div class=\"elementor-widget-container\">\n\t\t\t\t\t<h3 class=\"elementor-heading-title elementor-size-default\">Equips de refrigeraci\u00f3 i conservaci\u00f3<\/h3>\t\t\t\t<\/div>\n\t\t\t\t<\/div>\n\t\t\t\t<div class=\"elementor-element elementor-element-88ad738 elementor-widget elementor-widget-text-editor\" data-id=\"88ad738\" data-element_type=\"widget\" data-e-type=\"widget\" data-widget_type=\"text-editor.default\">\n\t\t\t\t<div class=\"elementor-widget-container\">\n\t\t\t\t\t\t\t\t\t<p>Mantenir la cadena de fred \u00e9s clau per a la seguretat aliment\u00e0ria. Per aix\u00f2, tota cuina professional ha de comptar amb: <\/p><ul><li><strong>Cambres frigor\u00edfiques<\/strong> (de refrigeraci\u00f3 i congelaci\u00f3).<\/li><li><strong>Abatidors de temperatura,<\/strong> essencials per al control de microorganismes.<\/li><li><strong>Taules fredes i vitrines refrigerades,<\/strong> que combinen feina i conservaci\u00f3.<\/li><li><strong>Neveres i armaris refrigerats<\/strong> inoxidables per a emmagatzematge diari.<\/li><\/ul>\t\t\t\t\t\t\t\t<\/div>\n\t\t\t\t<\/div>\n\t\t\t\t<div class=\"elementor-element elementor-element-886270e elementor-widget elementor-widget-heading\" data-id=\"886270e\" data-element_type=\"widget\" data-e-type=\"widget\" data-widget_type=\"heading.default\">\n\t\t\t\t<div class=\"elementor-widget-container\">\n\t\t\t\t\t<h3 class=\"elementor-heading-title elementor-size-default\">Equips de preparaci\u00f3<\/h3>\t\t\t\t<\/div>\n\t\t\t\t<\/div>\n\t\t\t\t<div class=\"elementor-element elementor-element-5430b2a elementor-widget elementor-widget-text-editor\" data-id=\"5430b2a\" data-element_type=\"widget\" data-e-type=\"widget\" data-widget_type=\"text-editor.default\">\n\t\t\t\t<div class=\"elementor-widget-container\">\n\t\t\t\t\t\t\t\t\t<p>Permeten agilitzar la feina i mantenir la uniformitat dels productes.<\/p><ul><li><strong>Talladores, picadores i ratlladores industrials.<\/strong><\/li><li><strong>Batedores i pastadores professionals.<\/strong><\/li><li><strong>Processadores d&#8217;aliments i c\u00faters.<\/strong><\/li><li><strong>Pesadores i balances<\/strong> per a un control prec\u00eds de les quantitats.<\/li><\/ul>\t\t\t\t\t\t\t\t<\/div>\n\t\t\t\t<\/div>\n\t\t\t\t<div class=\"elementor-element elementor-element-dd0b4e0 elementor-widget elementor-widget-heading\" data-id=\"dd0b4e0\" data-element_type=\"widget\" data-e-type=\"widget\" data-widget_type=\"heading.default\">\n\t\t\t\t<div class=\"elementor-widget-container\">\n\t\t\t\t\t<h3 class=\"elementor-heading-title elementor-size-default\">Equips de rentat i higiene<\/h3>\t\t\t\t<\/div>\n\t\t\t\t<\/div>\n\t\t\t\t<div class=\"elementor-element elementor-element-ad5b024 elementor-widget elementor-widget-text-editor\" data-id=\"ad5b024\" data-element_type=\"widget\" data-e-type=\"widget\" data-widget_type=\"text-editor.default\">\n\t\t\t\t<div class=\"elementor-widget-container\">\n\t\t\t\t\t\t\t\t\t<p>La neteja \u00e9s un pilar a qualsevol instal\u00b7laci\u00f3 aliment\u00e0ria.<\/p><ul><li><strong>Rentaplats industrials i t\u00fanels de rentat.<\/strong><\/li><li><strong>Aig\u00fceres amb aixetes extensibles i zones separades per a neteja.<\/strong><\/li><li><strong>Galledes, dispensadors i esterilitzadors.<\/strong><\/li><li><strong>Sistemes de gesti\u00f3 de residus i control de plagues.<\/strong><\/li><\/ul>\t\t\t\t\t\t\t\t<\/div>\n\t\t\t\t<\/div>\n\t\t\t\t<div class=\"elementor-element elementor-element-48981e7 elementor-widget elementor-widget-heading\" data-id=\"48981e7\" data-element_type=\"widget\" data-e-type=\"widget\" data-widget_type=\"heading.default\">\n\t\t\t\t<div class=\"elementor-widget-container\">\n\t\t\t\t\t<h3 class=\"elementor-heading-title elementor-size-default\">Equips d'emmagatzematge<\/h3>\t\t\t\t<\/div>\n\t\t\t\t<\/div>\n\t\t\t\t<div class=\"elementor-element elementor-element-076c8fc elementor-widget elementor-widget-text-editor\" data-id=\"076c8fc\" data-element_type=\"widget\" data-e-type=\"widget\" data-widget_type=\"text-editor.default\">\n\t\t\t\t<div class=\"elementor-widget-container\">\n\t\t\t\t\t\t\t\t\t<p>Una bona organitzaci\u00f3 evita contaminacions i p\u00e8rdues de producte.<\/p><ul><li><strong>Prestatgeries d&#8217;acer inoxidable,<\/strong> carros de transport i contenidors gastronorm.<\/li><li><strong>Armaris d&#8217;assecatge o emmagatzematge en sec.<\/strong><\/li><li><strong>Etiquetatge i control de lots<\/strong> segons el sistema APPCC.<\/li><\/ul>\t\t\t\t\t\t\t\t<\/div>\n\t\t\t\t<\/div>\n\t\t\t\t<div class=\"elementor-element elementor-element-a427715 elementor-widget elementor-widget-heading\" data-id=\"a427715\" data-element_type=\"widget\" data-e-type=\"widget\" data-widget_type=\"heading.default\">\n\t\t\t\t<div class=\"elementor-widget-container\">\n\t\t\t\t\t<h3 class=\"elementor-heading-title elementor-size-default\">Equips de ventilaci\u00f3 i extracci\u00f3<\/h3>\t\t\t\t<\/div>\n\t\t\t\t<\/div>\n\t\t\t\t<div class=\"elementor-element elementor-element-50b5c5e elementor-widget elementor-widget-text-editor\" data-id=\"50b5c5e\" data-element_type=\"widget\" data-e-type=\"widget\" data-widget_type=\"text-editor.default\">\n\t\t\t\t<div class=\"elementor-widget-container\">\n\t\t\t\t\t\t\t\t\t<p>Garanteixen el confort t\u00e8rmic i la seguretat del personal.<\/p><ul><li><strong>Campanes extractores industrials,<\/strong> amb filtres de greix i sistemes de conductes.<\/li><li><strong>Extractors d&#8217;aire i sistemes de renovaci\u00f3 ambiental.<\/strong><\/li><\/ul>\t\t\t\t\t\t\t\t<\/div>\n\t\t\t\t<\/div>\n\t\t\t\t<div class=\"elementor-element elementor-element-96a1440 elementor-widget elementor-widget-heading\" data-id=\"96a1440\" data-element_type=\"widget\" data-e-type=\"widget\" data-widget_type=\"heading.default\">\n\t\t\t\t<div class=\"elementor-widget-container\">\n\t\t\t\t\t<h3 class=\"elementor-heading-title elementor-size-default\">Equips d'envasament i conservaci\u00f3 al buit<\/h3>\t\t\t\t<\/div>\n\t\t\t\t<\/div>\n\t\t\t\t<div class=\"elementor-element elementor-element-1ef13aa elementor-widget elementor-widget-text-editor\" data-id=\"1ef13aa\" data-element_type=\"widget\" data-e-type=\"widget\" data-widget_type=\"text-editor.default\">\n\t\t\t\t<div class=\"elementor-widget-container\">\n\t\t\t\t\t\t\t\t\t<p>Ideals per perllongar la vida \u00fatil i millorar la presentaci\u00f3 dels aliments.<\/p><ul><li><strong>Envasadores al buit i termosegelladores.<\/strong><\/li><li><strong>Sistemes d&#8217;atmosfera modificada (MAP).<\/strong><\/li><li><strong>Etiquetadores autom\u00e0tiques i segelladores de safates.<\/strong><\/li><\/ul>\t\t\t\t\t\t\t\t<\/div>\n\t\t\t\t<\/div>\n\t\t\t\t<div class=\"elementor-element elementor-element-e66c7f5 elementor-widget elementor-widget-image\" data-id=\"e66c7f5\" data-element_type=\"widget\" data-e-type=\"widget\" data-widget_type=\"image.default\">\n\t\t\t\t<div class=\"elementor-widget-container\">\n\t\t\t\t\t\t\t\t\t\t\t\t\t\t\t<img decoding=\"async\" width=\"768\" height=\"512\" src=\"https:\/\/www.indusfoodsolutions.com\/wp-content\/uploads\/2025\/10\/como-elegir-el-equipamiento-para-tu-cocina.jpg\" class=\"attachment-large size-large wp-image-1363\" alt=\"\" srcset=\"https:\/\/www.indusfoodsolutions.com\/wp-content\/uploads\/2025\/10\/como-elegir-el-equipamiento-para-tu-cocina.jpg 768w, https:\/\/www.indusfoodsolutions.com\/wp-content\/uploads\/2025\/10\/como-elegir-el-equipamiento-para-tu-cocina-300x200.jpg 300w\" sizes=\"(max-width: 768px) 100vw, 768px\" \/>\t\t\t\t\t\t\t\t\t\t\t\t\t\t\t<\/div>\n\t\t\t\t<\/div>\n\t\t\t\t<div class=\"elementor-element elementor-element-fcb2ec3 elementor-widget elementor-widget-heading\" data-id=\"fcb2ec3\" data-element_type=\"widget\" data-e-type=\"widget\" data-widget_type=\"heading.default\">\n\t\t\t\t<div class=\"elementor-widget-container\">\n\t\t\t\t\t<h2 class=\"elementor-heading-title elementor-size-default\">Equips complementaris segons el tipus de negoci<\/h2>\t\t\t\t<\/div>\n\t\t\t\t<\/div>\n\t\t\t\t<div class=\"elementor-element elementor-element-47f9a8b elementor-widget elementor-widget-text-editor\" data-id=\"47f9a8b\" data-element_type=\"widget\" data-e-type=\"widget\" data-widget_type=\"text-editor.default\">\n\t\t\t\t<div class=\"elementor-widget-container\">\n\t\t\t\t\t\t\t\t\t<p>Tot i que la base de l&#8217;equipament \u00e9s similar a la majoria de <strong>cuines professionals<\/strong>, cada tipus de negoci t\u00e9 <strong>necessitats espec\u00edfiques segons el tipus d&#8217;aliments que prepara<\/strong>, el volum de producci\u00f3 o el m\u00e8tode de servei. Aquests s\u00f3n els equips complementaris m\u00e9s comuns segons el sector: <\/p>\t\t\t\t\t\t\t\t<\/div>\n\t\t\t\t<\/div>\n\t\t\t\t<div class=\"elementor-element elementor-element-4a1ffbe elementor-widget elementor-widget-heading\" data-id=\"4a1ffbe\" data-element_type=\"widget\" data-e-type=\"widget\" data-widget_type=\"heading.default\">\n\t\t\t\t<div class=\"elementor-widget-container\">\n\t\t\t\t\t<h3 class=\"elementor-heading-title elementor-size-default\">Restaurants i hotels<\/h3>\t\t\t\t<\/div>\n\t\t\t\t<\/div>\n\t\t\t\t<div class=\"elementor-element elementor-element-6cfc50c elementor-widget elementor-widget-text-editor\" data-id=\"6cfc50c\" data-element_type=\"widget\" data-e-type=\"widget\" data-widget_type=\"text-editor.default\">\n\t\t\t\t<div class=\"elementor-widget-container\">\n\t\t\t\t\t\t\t\t\t<p>En aquests establiments la versatilitat i la rapidesa s\u00f3n essencials.<\/p><p>Equips recomanats:<\/p><ul><li><strong>Forns mixts de convecci\u00f3 i vapor<\/strong> per a men\u00fas variats.<\/li><li><strong>Planxa de crom dur<\/strong> per a una cocci\u00f3 m\u00e9s neta i uniforme.<\/li><li><strong>Fregidores de doble cuba i banys maria<\/strong> per mantenir temperatures estables.<\/li><li><strong>Salamandres i torradors industrials<\/strong> per a acabats i gratinats.<\/li><li><strong>Termosegelladores o envasadores al buit<\/strong> per a la conservaci\u00f3 de preparacions.<\/li><\/ul>\t\t\t\t\t\t\t\t<\/div>\n\t\t\t\t<\/div>\n\t\t\t\t<div class=\"elementor-element elementor-element-9667c76 elementor-widget elementor-widget-heading\" data-id=\"9667c76\" data-element_type=\"widget\" data-e-type=\"widget\" data-widget_type=\"heading.default\">\n\t\t\t\t<div class=\"elementor-widget-container\">\n\t\t\t\t\t<h3 class=\"elementor-heading-title elementor-size-default\">Obradors, pastisseries i fleques<\/h3>\t\t\t\t<\/div>\n\t\t\t\t<\/div>\n\t\t\t\t<div class=\"elementor-element elementor-element-bb14f3d elementor-widget elementor-widget-text-editor\" data-id=\"bb14f3d\" data-element_type=\"widget\" data-e-type=\"widget\" data-widget_type=\"text-editor.default\">\n\t\t\t\t<div class=\"elementor-widget-container\">\n\t\t\t\t\t\t\t\t\t<p>Aquests negocis requereixen equips precisos per a la manipulaci\u00f3 de masses i control de temperatura.<\/p><p>Equips recomanats:<\/p><ul><li><strong>Pastadores espirals i batedores planet\u00e0ries.<\/strong><\/li><li><strong>Forns de convecci\u00f3 o pisos,<\/strong> amb control exacte d&#8217;humitat.<\/li><li><strong>Fermentadores i cambres de rep\u00f2s.<\/strong><\/li><li><strong>Refredadors r\u00e0pids i vitrines expositores refrigerades.<\/strong><\/li><li><strong>Dosificadors de masses, filtres i motlles industrials.<\/strong><\/li><\/ul>\t\t\t\t\t\t\t\t<\/div>\n\t\t\t\t<\/div>\n\t\t\t\t<div class=\"elementor-element elementor-element-e2907da elementor-widget elementor-widget-heading\" data-id=\"e2907da\" data-element_type=\"widget\" data-e-type=\"widget\" data-widget_type=\"heading.default\">\n\t\t\t\t<div class=\"elementor-widget-container\">\n\t\t\t\t\t<h3 class=\"elementor-heading-title elementor-size-default\">Cuines industrials i col\u00b7lectivitats<\/h3>\t\t\t\t<\/div>\n\t\t\t\t<\/div>\n\t\t\t\t<div class=\"elementor-element elementor-element-93aaff9 elementor-widget elementor-widget-text-editor\" data-id=\"93aaff9\" data-element_type=\"widget\" data-e-type=\"widget\" data-widget_type=\"text-editor.default\">\n\t\t\t\t<div class=\"elementor-widget-container\">\n\t\t\t\t\t\t\t\t\t<p>Destinades a grans volums de producci\u00f3 (menjadors, hospitals, c\u00e0terings, escoles), aquestes cuines requereixen equips de gran capacitat i resist\u00e8ncia.<\/p><p>Equips recomanats:<\/p><ul><li><strong>Marmites basculants i cocedors autom\u00e0tics.<\/strong><\/li><li><strong>Cintes transportadores i taules de preparaci\u00f3 en l\u00ednia.<\/strong><\/li><li><strong>Abatidors de gran format i t\u00fanels de rentat.<\/strong><\/li><li><strong>Carros isot\u00e8rmics i safates GN (Gastronorm).<\/strong><\/li><li><strong>Autoclaus<\/strong> per esterilitzaci\u00f3 o pasteuritzaci\u00f3 d&#8217;aliments.<\/li><\/ul>\t\t\t\t\t\t\t\t<\/div>\n\t\t\t\t<\/div>\n\t\t\t\t<div class=\"elementor-element elementor-element-15f4fec elementor-widget elementor-widget-heading\" data-id=\"15f4fec\" data-element_type=\"widget\" data-e-type=\"widget\" data-widget_type=\"heading.default\">\n\t\t\t\t<div class=\"elementor-widget-container\">\n\t\t\t\t\t<h3 class=\"elementor-heading-title elementor-size-default\">Food trucks i cuines m\u00f2bils<\/h3>\t\t\t\t<\/div>\n\t\t\t\t<\/div>\n\t\t\t\t<div class=\"elementor-element elementor-element-0ef5991 elementor-widget elementor-widget-text-editor\" data-id=\"0ef5991\" data-element_type=\"widget\" data-e-type=\"widget\" data-widget_type=\"text-editor.default\">\n\t\t\t\t<div class=\"elementor-widget-container\">\n\t\t\t\t\t\t\t\t\t<p>L&#8217;espai redu\u00eft exigeix \u200b\u200bequips compactes i multifuncionals.<\/p><p>Equips recomanats:<\/p><ul><li><strong>Cuines el\u00e8ctriques port\u00e0tils i planxes compactes.<\/strong><\/li><li><strong>Petites fregidores o forns de sobretaula.<\/strong><\/li><li><strong>Frigor\u00edfics sota taulell i vitrines refrigerades.<\/strong><\/li><li><strong>Campanes extractores compactes amb filtres de carboni.<\/strong><\/li><li><strong>Envasadores al buit port\u00e0tils.<\/strong><\/li><\/ul>\t\t\t\t\t\t\t\t<\/div>\n\t\t\t\t<\/div>\n\t\t\t\t<div class=\"elementor-element elementor-element-48c590a elementor-widget elementor-widget-heading\" data-id=\"48c590a\" data-element_type=\"widget\" data-e-type=\"widget\" data-widget_type=\"heading.default\">\n\t\t\t\t<div class=\"elementor-widget-container\">\n\t\t\t\t\t<h3 class=\"elementor-heading-title elementor-size-default\">Negocis de plats preparats i V gamma<\/h3>\t\t\t\t<\/div>\n\t\t\t\t<\/div>\n\t\t\t\t<div class=\"elementor-element elementor-element-403a160 elementor-widget elementor-widget-text-editor\" data-id=\"403a160\" data-element_type=\"widget\" data-e-type=\"widget\" data-widget_type=\"text-editor.default\">\n\t\t\t\t<div class=\"elementor-widget-container\">\n\t\t\t\t\t\t\t\t\t<p>Aqu\u00ed l&#8217;objectiu \u00e9s garantir la seguretat aliment\u00e0ria i perllongar la vida \u00fatil del producte.<\/p><p>Equips recomanats:<\/p><ul><li><strong>Abatidors de temperatura d&#8217;alta pot\u00e8ncia.<\/strong><\/li><li><strong>Autoclaus i pasteuritzadors.<\/strong><\/li><li><strong>Termosegelladores autom\u00e0tiques amb atmosfera modificada.<\/strong><\/li><li><strong>Etiquetadores autom\u00e0tiques i sistemes de tra\u00e7abilitat digital.<\/strong><\/li><\/ul>\t\t\t\t\t\t\t\t<\/div>\n\t\t\t\t<\/div>\n\t\t\t\t<div class=\"elementor-element elementor-element-a608f75 elementor-widget elementor-widget-image\" data-id=\"a608f75\" data-element_type=\"widget\" data-e-type=\"widget\" data-widget_type=\"image.default\">\n\t\t\t\t<div class=\"elementor-widget-container\">\n\t\t\t\t\t\t\t\t\t\t\t\t\t\t\t<img decoding=\"async\" width=\"768\" height=\"512\" src=\"https:\/\/www.indusfoodsolutions.com\/wp-content\/uploads\/2025\/10\/equipamiento-basico-para-cocina-profesional.jpg\" class=\"attachment-large size-large wp-image-1364\" alt=\"\" srcset=\"https:\/\/www.indusfoodsolutions.com\/wp-content\/uploads\/2025\/10\/equipamiento-basico-para-cocina-profesional.jpg 768w, https:\/\/www.indusfoodsolutions.com\/wp-content\/uploads\/2025\/10\/equipamiento-basico-para-cocina-profesional-300x200.jpg 300w\" sizes=\"(max-width: 768px) 100vw, 768px\" \/>\t\t\t\t\t\t\t\t\t\t\t\t\t\t\t<\/div>\n\t\t\t\t<\/div>\n\t\t\t\t<div class=\"elementor-element elementor-element-11ee1de elementor-widget elementor-widget-heading\" data-id=\"11ee1de\" data-element_type=\"widget\" data-e-type=\"widget\" data-widget_type=\"heading.default\">\n\t\t\t\t<div class=\"elementor-widget-container\">\n\t\t\t\t\t<h2 class=\"elementor-heading-title elementor-size-default\">Consells per triar l'equipament adequat<\/h2>\t\t\t\t<\/div>\n\t\t\t\t<\/div>\n\t\t\t\t<div class=\"elementor-element elementor-element-6ea759b elementor-widget elementor-widget-text-editor\" data-id=\"6ea759b\" data-element_type=\"widget\" data-e-type=\"widget\" data-widget_type=\"text-editor.default\">\n\t\t\t\t<div class=\"elementor-widget-container\">\n\t\t\t\t\t\t\t\t\t<p>Invertir en <strong>equipament professional<\/strong> \u00e9s una de les decisions m\u00e9s importants en muntar o renovar una cuina. <strong>Escollir b\u00e9 cada m\u00e0quina o utensili<\/strong> marcar\u00e0 la difer\u00e8ncia entre una producci\u00f3 fluida, segura i rendible\u2026 o una cuina plena d&#8217;imprevistos.<\/p>\t\t\t\t\t\t\t\t<\/div>\n\t\t\t\t<\/div>\n\t\t\t\t<div class=\"elementor-element elementor-element-ec14cf2 elementor-widget elementor-widget-heading\" data-id=\"ec14cf2\" data-element_type=\"widget\" data-e-type=\"widget\" data-widget_type=\"heading.default\">\n\t\t\t\t<div class=\"elementor-widget-container\">\n\t\t\t\t\t<h3 class=\"elementor-heading-title elementor-size-default\">Analitza les necessitats reals del teu negoci<\/h3>\t\t\t\t<\/div>\n\t\t\t\t<\/div>\n\t\t\t\t<div class=\"elementor-element elementor-element-48cc2f9 elementor-widget elementor-widget-text-editor\" data-id=\"48cc2f9\" data-element_type=\"widget\" data-e-type=\"widget\" data-widget_type=\"text-editor.default\">\n\t\t\t\t<div class=\"elementor-widget-container\">\n\t\t\t\t\t\t\t\t\t<p>Abans de comprar, defineix amb claredat <strong>quin tipus de cuina operar\u00e0s<\/strong>, el volum de producci\u00f3 diari i el nombre de treballadors que la utilitzaran. No totes les cuines requereixen el mateix nivell d&#8217;automatitzaci\u00f3 ni la mateixa capacitat. Fer una bona an\u00e0lisi pr\u00e8via evitar\u00e0 inversions innecess\u00e0ries i optimitzar\u00e0 l&#8217;espai.  <\/p>\t\t\t\t\t\t\t\t<\/div>\n\t\t\t\t<\/div>\n\t\t\t\t<div class=\"elementor-element elementor-element-ed00889 elementor-widget elementor-widget-heading\" data-id=\"ed00889\" data-element_type=\"widget\" data-e-type=\"widget\" data-widget_type=\"heading.default\">\n\t\t\t\t<div class=\"elementor-widget-container\">\n\t\t\t\t\t<h3 class=\"elementor-heading-title elementor-size-default\">Prioritza la qualitat i durabilitat<\/h3>\t\t\t\t<\/div>\n\t\t\t\t<\/div>\n\t\t\t\t<div class=\"elementor-element elementor-element-91bf906 elementor-widget elementor-widget-text-editor\" data-id=\"91bf906\" data-element_type=\"widget\" data-e-type=\"widget\" data-widget_type=\"text-editor.default\">\n\t\t\t\t<div class=\"elementor-widget-container\">\n\t\t\t\t\t\t\t\t\t<p>L&#8217;equipament professional ha de suportar un \u00fas intensiu, per la qual cosa \u00e9s preferible invertir en <strong>m\u00e0quines robustes i fabricades amb materials de qualitat<\/strong>, com l&#8217;acer inoxidable AISI 304. Un equip de gamma industrial ofereix una vida \u00fatil m\u00e9s llarga, m\u00e9s seguretat i millor rendiment t\u00e8rmic. <\/p>\t\t\t\t\t\t\t\t<\/div>\n\t\t\t\t<\/div>\n\t\t\t\t<div class=\"elementor-element elementor-element-d9a1ab4 elementor-widget elementor-widget-heading\" data-id=\"d9a1ab4\" data-element_type=\"widget\" data-e-type=\"widget\" data-widget_type=\"heading.default\">\n\t\t\t\t<div class=\"elementor-widget-container\">\n\t\t\t\t\t<h3 class=\"elementor-heading-title elementor-size-default\">Aposta per l'efici\u00e8ncia energ\u00e8tica<\/h3>\t\t\t\t<\/div>\n\t\t\t\t<\/div>\n\t\t\t\t<div class=\"elementor-element elementor-element-3ae744e elementor-widget elementor-widget-text-editor\" data-id=\"3ae744e\" data-element_type=\"widget\" data-e-type=\"widget\" data-widget_type=\"text-editor.default\">\n\t\t\t\t<div class=\"elementor-widget-container\">\n\t\t\t\t\t\t\t\t\t<p>Optar per equips amb <strong>baix consum energ\u00e8tic i bona efici\u00e8ncia t\u00e8rmica<\/strong> no sols redueix els costos d&#8217;operaci\u00f3, sin\u00f3 que tamb\u00e9 contribueix a la sostenibilitat ambiental. Busqueu etiquetes d&#8217;efici\u00e8ncia energ\u00e8tica o sistemes de recuperaci\u00f3 de calor. <\/p>\t\t\t\t\t\t\t\t<\/div>\n\t\t\t\t<\/div>\n\t\t\t\t<div class=\"elementor-element elementor-element-2b25a32 elementor-widget elementor-widget-heading\" data-id=\"2b25a32\" data-element_type=\"widget\" data-e-type=\"widget\" data-widget_type=\"heading.default\">\n\t\t\t\t<div class=\"elementor-widget-container\">\n\t\t\t\t\t<h3 class=\"elementor-heading-title elementor-size-default\">Avalua el manteniment i la disponibilitat de recanvis<\/h3>\t\t\t\t<\/div>\n\t\t\t\t<\/div>\n\t\t\t\t<div class=\"elementor-element elementor-element-a395e98 elementor-widget elementor-widget-text-editor\" data-id=\"a395e98\" data-element_type=\"widget\" data-e-type=\"widget\" data-widget_type=\"text-editor.default\">\n\t\t\t\t<div class=\"elementor-widget-container\">\n\t\t\t\t\t\t\t\t\t<p>Un equip professional ha de ser <strong>f\u00e0cil de netejar i mantenir<\/strong>. Assegureu-vos que el prove\u00efdor ofereixi <g id=\"gid_1\">servei t\u00e8cnic proper i peces de recanvi disponibles<\/g>. Aix\u00f2 reduir\u00e0 els temps d&#8217;inactivitat i perllongar\u00e0 la vida \u00fatil de les m\u00e0quines.  <\/p>\t\t\t\t\t\t\t\t<\/div>\n\t\t\t\t<\/div>\n\t\t\t\t<div class=\"elementor-element elementor-element-4016b1f elementor-widget elementor-widget-heading\" data-id=\"4016b1f\" data-element_type=\"widget\" data-e-type=\"widget\" data-widget_type=\"heading.default\">\n\t\t\t\t<div class=\"elementor-widget-container\">\n\t\t\t\t\t<h3 class=\"elementor-heading-title elementor-size-default\">Planifica l'espai i el flux de treball<\/h3>\t\t\t\t<\/div>\n\t\t\t\t<\/div>\n\t\t\t\t<div class=\"elementor-element elementor-element-48887a5 elementor-widget elementor-widget-text-editor\" data-id=\"48887a5\" data-element_type=\"widget\" data-e-type=\"widget\" data-widget_type=\"text-editor.default\">\n\t\t\t\t<div class=\"elementor-widget-container\">\n\t\t\t\t\t\t\t\t\t<p>El disseny de la cuina ha de seguir un flux l\u00f2gic que eviti creus entre zones brutes i netes. Abans de comprar l&#8217;equipament, <strong>planifiqueu la distribuci\u00f3 per aprofitar al m\u00e0xim l&#8217;espai<\/strong> i complir els requisits del pla APPCC. <\/p>\t\t\t\t\t\t\t\t<\/div>\n\t\t\t\t<\/div>\n\t\t\t\t<div class=\"elementor-element elementor-element-f146602 elementor-widget elementor-widget-heading\" data-id=\"f146602\" data-element_type=\"widget\" data-e-type=\"widget\" data-widget_type=\"heading.default\">\n\t\t\t\t<div class=\"elementor-widget-container\">\n\t\t\t\t\t<h2 class=\"elementor-heading-title elementor-size-default\">Demana una Assessoria personalitzada GRATIS<\/h2>\t\t\t\t<\/div>\n\t\t\t\t<\/div>\n\t\t\t\t<div class=\"elementor-element elementor-element-1313e3b elementor-widget elementor-widget-text-editor\" data-id=\"1313e3b\" data-element_type=\"widget\" data-e-type=\"widget\" data-widget_type=\"text-editor.default\">\n\t\t\t\t<div class=\"elementor-widget-container\">\n\t\t\t\t\t\t\t\t\t<p>Comptar amb l&#8217;equipament adequat \u00e9s clau per garantir la productivitat, la seguretat aliment\u00e0ria i la rendibilitat del teu negoci. A <strong><a href=\"https:\/\/www.indusfoodsolutions.com\/ca\/\">IndusFood Solutions<\/a><\/strong> <strong>us ajudem a seleccionar els equips que millor s&#8217;adaptin a les vostres necessitats<\/strong>, complint amb la normativa i optimitzant cada fase del proc\u00e9s. <\/p><p>Disposem d&#8217;un ampli <strong>cat\u00e0leg de maquin\u00e0ria professional per a la ind\u00fastria aliment\u00e0ria<\/strong>, des de forns i marmites fins a abatidors, termosegelladores i equips d&#8217;envasat al buit. A m\u00e9s, <strong>oferim assessorament t\u00e8cnic personalitzat<\/strong> per ajudar-te a dissenyar una cuina funcional, eficient i llesta per a inspecci\u00f3 sanit\u00e0ria. <\/p><p><strong>Contacta amb nosaltres avui mateix per rebre una proposta adaptada al teu projecte o sol\u00b7licitar m\u00e9s informaci\u00f3 sobre el nostre cat\u00e0leg de maquin\u00e0ria.<\/strong> Fes de la teva cuina professional un espai segur, productiu i preparat per cr\u00e9ixer.<\/p>\t\t\t\t\t\t\t\t<\/div>\n\t\t\t\t<\/div>\n\t\t\t\t<div class=\"elementor-element elementor-element-b2e37ca elementor-align-left elementor-widget elementor-widget-button\" data-id=\"b2e37ca\" data-element_type=\"widget\" data-e-type=\"widget\" data-widget_type=\"button.default\">\n\t\t\t\t<div class=\"elementor-widget-container\">\n\t\t\t\t\t\t\t\t\t<div class=\"elementor-button-wrapper\">\n\t\t\t\t\t<a class=\"elementor-button elementor-button-link elementor-size-md\" href=\"https:\/\/www.indusfoodsolutions.com\/ca\/contacte\/\">\n\t\t\t\t\t\t<span class=\"elementor-button-content-wrapper\">\n\t\t\t\t\t\t\t\t\t<span class=\"elementor-button-text\">Parlem?<\/span>\n\t\t\t\t\t<\/span>\n\t\t\t\t\t<\/a>\n\t\t\t\t<\/div>\n\t\t\t\t\t\t\t\t<\/div>\n\t\t\t\t<\/div>\n\t\t\t\t<\/div>\n\t\t<div class=\"elementor-element elementor-element-5048bde e-con-full e-flex e-con e-child\" data-id=\"5048bde\" data-element_type=\"container\" data-e-type=\"container\">\n\t\t\t\t<div class=\"elementor-element elementor-element-59445b7 elementor-widget elementor-widget-heading\" data-id=\"59445b7\" data-element_type=\"widget\" data-e-type=\"widget\" data-widget_type=\"heading.default\">\n\t\t\t\t<div class=\"elementor-widget-container\">\n\t\t\t\t\t<p class=\"elementor-heading-title elementor-size-default\">Tamb\u00e9 et pot interessar...<\/p>\t\t\t\t<\/div>\n\t\t\t\t<\/div>\n\t\t\t\t<div class=\"elementor-element elementor-element-8405b11 elementor-widget-divider--view-line elementor-widget elementor-widget-divider\" data-id=\"8405b11\" data-element_type=\"widget\" data-e-type=\"widget\" data-widget_type=\"divider.default\">\n\t\t\t\t<div class=\"elementor-widget-container\">\n\t\t\t\t\t\t\t<div class=\"elementor-divider\">\n\t\t\t<span class=\"elementor-divider-separator\">\n\t\t\t\t\t\t<\/span>\n\t\t<\/div>\n\t\t\t\t\t\t<\/div>\n\t\t\t\t<\/div>\n\t\t<div class=\"elementor-element elementor-element-d99cc6a e-con-full e-flex e-con e-child\" data-id=\"d99cc6a\" data-element_type=\"container\" data-e-type=\"container\" data-settings=\"{&quot;background_background&quot;:&quot;classic&quot;}\">\n\t\t\t\t<div class=\"elementor-element elementor-element-da02801 elementor-widget elementor-widget-heading\" data-id=\"da02801\" data-element_type=\"widget\" data-e-type=\"widget\" data-widget_type=\"heading.default\">\n\t\t\t\t<div class=\"elementor-widget-container\">\n\t\t\t\t\t<p class=\"elementor-heading-title elementor-size-default\">Contacta'ns!<\/p>\t\t\t\t<\/div>\n\t\t\t\t<\/div>\n\t\t\t\t<div class=\"elementor-element elementor-element-e90e19d elementor-button-align-center elementor-widget elementor-widget-form\" data-id=\"e90e19d\" data-element_type=\"widget\" data-e-type=\"widget\" data-settings=\"{&quot;step_next_label&quot;:&quot;Seg\\u00fcent&quot;,&quot;step_previous_label&quot;:&quot;Anterior&quot;,&quot;button_width&quot;:&quot;100&quot;,&quot;step_type&quot;:&quot;number_text&quot;,&quot;step_icon_shape&quot;:&quot;circle&quot;}\" data-widget_type=\"form.default\">\n\t\t\t\t<div class=\"elementor-widget-container\">\n\t\t\t\t\t\t\t<form class=\"elementor-form\" method=\"post\" name=\"Form INDUSFOOD Blog CAT\" aria-label=\"Form INDUSFOOD Blog CAT\">\n\t\t\t<input type=\"hidden\" name=\"post_id\" value=\"1371\"\/>\n\t\t\t<input type=\"hidden\" name=\"form_id\" value=\"e90e19d\"\/>\n\t\t\t<input type=\"hidden\" name=\"referer_title\" value=\"IndusFood Solutions\" \/>\n\n\t\t\t\n\t\t\t<div class=\"elementor-form-fields-wrapper elementor-labels-\">\n\t\t\t\t\t\t\t\t<div class=\"elementor-field-type-text elementor-field-group elementor-column elementor-field-group-name elementor-col-100 elementor-field-required\">\n\t\t\t\t\t\t\t\t\t\t\t\t<label for=\"form-field-name\" class=\"elementor-field-label elementor-screen-only\">\n\t\t\t\t\t\t\t\tNom\t\t\t\t\t\t\t<\/label>\n\t\t\t\t\t\t\t\t\t\t\t\t\t\t<input size=\"1\" type=\"text\" name=\"form_fields[name]\" id=\"form-field-name\" class=\"elementor-field elementor-size-sm  elementor-field-textual\" placeholder=\"Nom\" required=\"required\">\n\t\t\t\t\t\t\t\t\t\t\t<\/div>\n\t\t\t\t\t\t\t\t<div class=\"elementor-field-type-text elementor-field-group elementor-column elementor-field-group-field_edf5cd4 elementor-col-100 elementor-field-required\">\n\t\t\t\t\t\t\t\t\t\t\t\t<label for=\"form-field-field_edf5cd4\" class=\"elementor-field-label elementor-screen-only\">\n\t\t\t\t\t\t\t\tEmpresa\t\t\t\t\t\t\t<\/label>\n\t\t\t\t\t\t\t\t\t\t\t\t\t\t<input size=\"1\" type=\"text\" name=\"form_fields[field_edf5cd4]\" id=\"form-field-field_edf5cd4\" class=\"elementor-field elementor-size-sm  elementor-field-textual\" placeholder=\"Empresa\" required=\"required\">\n\t\t\t\t\t\t\t\t\t\t\t<\/div>\n\t\t\t\t\t\t\t\t<div class=\"elementor-field-type-tel elementor-field-group elementor-column elementor-field-group-email elementor-col-100 elementor-field-required\">\n\t\t\t\t\t\t\t\t\t\t\t\t<label for=\"form-field-email\" class=\"elementor-field-label elementor-screen-only\">\n\t\t\t\t\t\t\t\tTel\u00e8fon\t\t\t\t\t\t\t<\/label>\n\t\t\t\t\t\t\t\t<input size=\"1\" type=\"tel\" name=\"form_fields[email]\" id=\"form-field-email\" class=\"elementor-field elementor-size-sm  elementor-field-textual\" placeholder=\"Tel\u00e8fon\" required=\"required\" pattern=\"[0-9()#&amp;+*-=.]+\" title=\"Only numbers and phone characters (#, -, *, etc) are accepted.\">\n\n\t\t\t\t\t\t<\/div>\n\t\t\t\t\t\t\t\t<div class=\"elementor-field-type-email elementor-field-group elementor-column elementor-field-group-field_1 elementor-col-100 elementor-field-required\">\n\t\t\t\t\t\t\t\t\t\t\t\t<label for=\"form-field-field_1\" class=\"elementor-field-label elementor-screen-only\">\n\t\t\t\t\t\t\t\tEmail\t\t\t\t\t\t\t<\/label>\n\t\t\t\t\t\t\t\t\t\t\t\t\t\t<input size=\"1\" type=\"email\" name=\"form_fields[field_1]\" id=\"form-field-field_1\" class=\"elementor-field elementor-size-sm  elementor-field-textual\" placeholder=\"Email\" required=\"required\">\n\t\t\t\t\t\t\t\t\t\t\t<\/div>\n\t\t\t\t\t\t\t\t<div class=\"elementor-field-type-textarea elementor-field-group elementor-column elementor-field-group-field_9147781 elementor-col-100 elementor-field-required\">\n\t\t\t\t\t\t\t\t\t\t\t\t<label for=\"form-field-field_9147781\" class=\"elementor-field-label elementor-screen-only\">\n\t\t\t\t\t\t\t\tMissatge\t\t\t\t\t\t\t<\/label>\n\t\t\t\t\t\t<textarea class=\"elementor-field-textual elementor-field  elementor-size-sm\" name=\"form_fields[field_9147781]\" id=\"form-field-field_9147781\" rows=\"4\" placeholder=\"Escriu aqu\u00ed el teu missatge...\" required=\"required\"><\/textarea>\t\t\t\t<\/div>\n\t\t\t\t\t\t\t\t<div class=\"elementor-field-type-acceptance elementor-field-group elementor-column elementor-field-group-field_ef0f04c elementor-col-100 elementor-field-required\">\n\t\t\t\t\t\t\t\t\t\t\t\t<label for=\"form-field-field_ef0f04c\" class=\"elementor-field-label elementor-screen-only\">\n\t\t\t\t\t\t\t\tAcceptaci\u00f3\t\t\t\t\t\t\t<\/label>\n\t\t\t\t\t\t\t\t<div class=\"elementor-field-subgroup\">\n\t\t\t<span class=\"elementor-field-option\">\n\t\t\t\t<input type=\"checkbox\" name=\"form_fields[field_ef0f04c]\" id=\"form-field-field_ef0f04c\" class=\"elementor-field elementor-size-sm  elementor-acceptance-field\" required=\"required\">\n\t\t\t\t<label for=\"form-field-field_ef0f04c\">He llegit i accepto l'Av\u00eds Legal i la Pol\u00edtica de Privadesa<\/label>\t\t\t<\/span>\n\t\t<\/div>\n\t\t\t\t\t\t<\/div>\n\t\t\t\t\t\t\t\t<div class=\"elementor-field-group elementor-column elementor-field-type-submit elementor-col-100 e-form__buttons\">\n\t\t\t\t\t<button class=\"elementor-button elementor-size-sm\" type=\"submit\">\n\t\t\t\t\t\t<span class=\"elementor-button-content-wrapper\">\n\t\t\t\t\t\t\t\t\t\t\t\t\t\t\t\t\t\t\t\t\t\t<span class=\"elementor-button-text\">Enviar<\/span>\n\t\t\t\t\t\t\t\t\t\t\t\t\t<\/span>\n\t\t\t\t\t<\/button>\n\t\t\t\t<\/div>\n\t\t\t<\/div>\n\t\t<\/form>\n\t\t\t\t\t\t<\/div>\n\t\t\t\t<\/div>\n\t\t\t\t<\/div>\n\t\t\t\t<\/div>\n\t\t\t\t\t<\/div>\n\t\t\t\t<\/div>\n\t\t\t\t<\/div>\n\t\t","protected":false},"excerpt":{"rendered":"<p>Muntar una cuina professional requereix molt m\u00e9s que bons ingredients i un xef amb talent. L&#8217;\u00e8xit de qualsevol restaurant, obrador o empresa de c\u00e0tering dep\u00e8n en gran part de comptar amb l&#8217;equipament adequat, dissenyat per treballar amb seguretat, efici\u00e8ncia i complir les exig\u00e8ncies sanit\u00e0ries. En aquest article descobrireu tot l&#8217;equipament essencial que ha de tenir [&hellip;]<\/p>\n","protected":false},"author":1,"featured_media":1372,"comment_status":"closed","ping_status":"closed","sticky":false,"template":"elementor_header_footer","format":"standard","meta":{"footnotes":""},"categories":[21],"tags":[],"class_list":["post-1371","post","type-post","status-publish","format-standard","has-post-thumbnail","hentry","category-blog-ca"],"yoast_head":"<!-- This site is optimized with the Yoast SEO plugin v27.4 - https:\/\/yoast.com\/product\/yoast-seo-wordpress\/ -->\n<title>\u1405 TOT l&#039;Equipament per a una Cuina Professional \u30102026\u3011<\/title>\n<meta name=\"robots\" content=\"index, follow, max-snippet:-1, max-image-preview:large, max-video-preview:-1\" \/>\n<link rel=\"canonical\" href=\"https:\/\/www.indusfoodsolutions.com\/ca\/blog-ca\/tot-lequipament-necessari-per-a-una-cuina-professional\/\" \/>\n<meta property=\"og:locale\" content=\"ca_ES\" \/>\n<meta property=\"og:type\" content=\"article\" \/>\n<meta property=\"og:title\" content=\"\u1405 TOT l&#039;Equipament per a una Cuina Professional \u30102026\u3011\" \/>\n<meta property=\"og:description\" content=\"Muntar una cuina professional requereix molt m\u00e9s que bons ingredients i un xef amb talent. L&#8217;\u00e8xit de qualsevol restaurant, obrador o empresa de c\u00e0tering dep\u00e8n en gran part de comptar amb l&#8217;equipament adequat, dissenyat per treballar amb seguretat, efici\u00e8ncia i complir les exig\u00e8ncies sanit\u00e0ries. En aquest article descobrireu tot l&#8217;equipament essencial que ha de tenir [&hellip;]\" \/>\n<meta property=\"og:url\" content=\"https:\/\/www.indusfoodsolutions.com\/ca\/blog-ca\/tot-lequipament-necessari-per-a-una-cuina-professional\/\" \/>\n<meta property=\"og:site_name\" content=\"IndusFood Solutions\" \/>\n<meta property=\"article:published_time\" content=\"2025-10-30T11:22:58+00:00\" \/>\n<meta property=\"article:modified_time\" content=\"2025-11-03T19:06:42+00:00\" \/>\n<meta property=\"og:image\" content=\"https:\/\/www.indusfoodsolutions.com\/wp-content\/uploads\/2025\/10\/equipament-necessari-per-una-cuina-professional.jpg\" \/>\n\t<meta property=\"og:image:width\" content=\"768\" \/>\n\t<meta property=\"og:image:height\" content=\"512\" \/>\n\t<meta property=\"og:image:type\" content=\"image\/jpeg\" \/>\n<meta name=\"author\" content=\"admin\" \/>\n<meta name=\"twitter:card\" content=\"summary_large_image\" \/>\n<meta name=\"twitter:label1\" content=\"Escrit per\" \/>\n\t<meta name=\"twitter:data1\" content=\"admin\" \/>\n\t<meta name=\"twitter:label2\" content=\"Temps estimat de lectura\" \/>\n\t<meta name=\"twitter:data2\" content=\"7 minuts\" \/>\n<script type=\"application\/ld+json\" class=\"yoast-schema-graph\">{\"@context\":\"https:\\\/\\\/schema.org\",\"@graph\":[{\"@type\":\"Article\",\"@id\":\"https:\\\/\\\/www.indusfoodsolutions.com\\\/ca\\\/blog-ca\\\/tot-lequipament-necessari-per-a-una-cuina-professional\\\/#article\",\"isPartOf\":{\"@id\":\"https:\\\/\\\/www.indusfoodsolutions.com\\\/ca\\\/blog-ca\\\/tot-lequipament-necessari-per-a-una-cuina-professional\\\/\"},\"author\":{\"name\":\"admin\",\"@id\":\"https:\\\/\\\/www.indusfoodsolutions.com\\\/ca\\\/#\\\/schema\\\/person\\\/8147f4280f166f966774d44ca532a4ca\"},\"headline\":\"TOT l&#8217;Equipament necessari per a una Cuina Professional\",\"datePublished\":\"2025-10-30T11:22:58+00:00\",\"dateModified\":\"2025-11-03T19:06:42+00:00\",\"mainEntityOfPage\":{\"@id\":\"https:\\\/\\\/www.indusfoodsolutions.com\\\/ca\\\/blog-ca\\\/tot-lequipament-necessari-per-a-una-cuina-professional\\\/\"},\"wordCount\":1440,\"publisher\":{\"@id\":\"https:\\\/\\\/www.indusfoodsolutions.com\\\/ca\\\/#organization\"},\"image\":{\"@id\":\"https:\\\/\\\/www.indusfoodsolutions.com\\\/ca\\\/blog-ca\\\/tot-lequipament-necessari-per-a-una-cuina-professional\\\/#primaryimage\"},\"thumbnailUrl\":\"https:\\\/\\\/www.indusfoodsolutions.com\\\/wp-content\\\/uploads\\\/2025\\\/10\\\/equipament-necessari-per-una-cuina-professional.jpg\",\"articleSection\":[\"Blog\"],\"inLanguage\":\"ca\"},{\"@type\":\"WebPage\",\"@id\":\"https:\\\/\\\/www.indusfoodsolutions.com\\\/ca\\\/blog-ca\\\/tot-lequipament-necessari-per-a-una-cuina-professional\\\/\",\"url\":\"https:\\\/\\\/www.indusfoodsolutions.com\\\/ca\\\/blog-ca\\\/tot-lequipament-necessari-per-a-una-cuina-professional\\\/\",\"name\":\"\u1405 TOT l'Equipament per a una Cuina Professional \u30102026\u3011\",\"isPartOf\":{\"@id\":\"https:\\\/\\\/www.indusfoodsolutions.com\\\/ca\\\/#website\"},\"primaryImageOfPage\":{\"@id\":\"https:\\\/\\\/www.indusfoodsolutions.com\\\/ca\\\/blog-ca\\\/tot-lequipament-necessari-per-a-una-cuina-professional\\\/#primaryimage\"},\"image\":{\"@id\":\"https:\\\/\\\/www.indusfoodsolutions.com\\\/ca\\\/blog-ca\\\/tot-lequipament-necessari-per-a-una-cuina-professional\\\/#primaryimage\"},\"thumbnailUrl\":\"https:\\\/\\\/www.indusfoodsolutions.com\\\/wp-content\\\/uploads\\\/2025\\\/10\\\/equipament-necessari-per-una-cuina-professional.jpg\",\"datePublished\":\"2025-10-30T11:22:58+00:00\",\"dateModified\":\"2025-11-03T19:06:42+00:00\",\"breadcrumb\":{\"@id\":\"https:\\\/\\\/www.indusfoodsolutions.com\\\/ca\\\/blog-ca\\\/tot-lequipament-necessari-per-a-una-cuina-professional\\\/#breadcrumb\"},\"inLanguage\":\"ca\",\"potentialAction\":[{\"@type\":\"ReadAction\",\"target\":[\"https:\\\/\\\/www.indusfoodsolutions.com\\\/ca\\\/blog-ca\\\/tot-lequipament-necessari-per-a-una-cuina-professional\\\/\"]}]},{\"@type\":\"ImageObject\",\"inLanguage\":\"ca\",\"@id\":\"https:\\\/\\\/www.indusfoodsolutions.com\\\/ca\\\/blog-ca\\\/tot-lequipament-necessari-per-a-una-cuina-professional\\\/#primaryimage\",\"url\":\"https:\\\/\\\/www.indusfoodsolutions.com\\\/wp-content\\\/uploads\\\/2025\\\/10\\\/equipament-necessari-per-una-cuina-professional.jpg\",\"contentUrl\":\"https:\\\/\\\/www.indusfoodsolutions.com\\\/wp-content\\\/uploads\\\/2025\\\/10\\\/equipament-necessari-per-una-cuina-professional.jpg\",\"width\":768,\"height\":512},{\"@type\":\"BreadcrumbList\",\"@id\":\"https:\\\/\\\/www.indusfoodsolutions.com\\\/ca\\\/blog-ca\\\/tot-lequipament-necessari-per-a-una-cuina-professional\\\/#breadcrumb\",\"itemListElement\":[{\"@type\":\"ListItem\",\"position\":1,\"name\":\"Portada\",\"item\":\"https:\\\/\\\/www.indusfoodsolutions.com\\\/ca\\\/\"},{\"@type\":\"ListItem\",\"position\":2,\"name\":\"TOT l&#8217;Equipament necessari per a una Cuina Professional\"}]},{\"@type\":\"WebSite\",\"@id\":\"https:\\\/\\\/www.indusfoodsolutions.com\\\/ca\\\/#website\",\"url\":\"https:\\\/\\\/www.indusfoodsolutions.com\\\/ca\\\/\",\"name\":\"IndusFood Solutions\",\"description\":\"Consultor&iacute;a para la Industria Alimentaria\",\"publisher\":{\"@id\":\"https:\\\/\\\/www.indusfoodsolutions.com\\\/ca\\\/#organization\"},\"potentialAction\":[{\"@type\":\"SearchAction\",\"target\":{\"@type\":\"EntryPoint\",\"urlTemplate\":\"https:\\\/\\\/www.indusfoodsolutions.com\\\/ca\\\/?s={search_term_string}\"},\"query-input\":{\"@type\":\"PropertyValueSpecification\",\"valueRequired\":true,\"valueName\":\"search_term_string\"}}],\"inLanguage\":\"ca\"},{\"@type\":\"Organization\",\"@id\":\"https:\\\/\\\/www.indusfoodsolutions.com\\\/ca\\\/#organization\",\"name\":\"IndusFood Solutions\",\"url\":\"https:\\\/\\\/www.indusfoodsolutions.com\\\/ca\\\/\",\"logo\":{\"@type\":\"ImageObject\",\"inLanguage\":\"ca\",\"@id\":\"https:\\\/\\\/www.indusfoodsolutions.com\\\/ca\\\/#\\\/schema\\\/logo\\\/image\\\/\",\"url\":\"https:\\\/\\\/www.indusfoodsolutions.com\\\/wp-content\\\/uploads\\\/2023\\\/10\\\/cropped-indusfood-solutions-logotipo.png\",\"contentUrl\":\"https:\\\/\\\/www.indusfoodsolutions.com\\\/wp-content\\\/uploads\\\/2023\\\/10\\\/cropped-indusfood-solutions-logotipo.png\",\"width\":350,\"height\":100,\"caption\":\"IndusFood Solutions\"},\"image\":{\"@id\":\"https:\\\/\\\/www.indusfoodsolutions.com\\\/ca\\\/#\\\/schema\\\/logo\\\/image\\\/\"}},{\"@type\":\"Person\",\"@id\":\"https:\\\/\\\/www.indusfoodsolutions.com\\\/ca\\\/#\\\/schema\\\/person\\\/8147f4280f166f966774d44ca532a4ca\",\"name\":\"admin\",\"image\":{\"@type\":\"ImageObject\",\"inLanguage\":\"ca\",\"@id\":\"https:\\\/\\\/secure.gravatar.com\\\/avatar\\\/0b1c6700346b535efceabd47c606c9c52ccbf81f3f6b94de0e3660a451341180?s=96&d=mm&r=g\",\"url\":\"https:\\\/\\\/secure.gravatar.com\\\/avatar\\\/0b1c6700346b535efceabd47c606c9c52ccbf81f3f6b94de0e3660a451341180?s=96&d=mm&r=g\",\"contentUrl\":\"https:\\\/\\\/secure.gravatar.com\\\/avatar\\\/0b1c6700346b535efceabd47c606c9c52ccbf81f3f6b94de0e3660a451341180?s=96&d=mm&r=g\",\"caption\":\"admin\"},\"sameAs\":[\"https:\\\/\\\/www.indusfoodsolutions.com\"],\"url\":\"https:\\\/\\\/www.indusfoodsolutions.com\\\/ca\\\/author\\\/admin\\\/\"}]}<\/script>\n<!-- \/ Yoast SEO plugin. -->","yoast_head_json":{"title":"\u1405 TOT l'Equipament per a una Cuina Professional \u30102026\u3011","robots":{"index":"index","follow":"follow","max-snippet":"max-snippet:-1","max-image-preview":"max-image-preview:large","max-video-preview":"max-video-preview:-1"},"canonical":"https:\/\/www.indusfoodsolutions.com\/ca\/blog-ca\/tot-lequipament-necessari-per-a-una-cuina-professional\/","og_locale":"ca_ES","og_type":"article","og_title":"\u1405 TOT l'Equipament per a una Cuina Professional \u30102026\u3011","og_description":"Muntar una cuina professional requereix molt m\u00e9s que bons ingredients i un xef amb talent. L&#8217;\u00e8xit de qualsevol restaurant, obrador o empresa de c\u00e0tering dep\u00e8n en gran part de comptar amb l&#8217;equipament adequat, dissenyat per treballar amb seguretat, efici\u00e8ncia i complir les exig\u00e8ncies sanit\u00e0ries. En aquest article descobrireu tot l&#8217;equipament essencial que ha de tenir [&hellip;]","og_url":"https:\/\/www.indusfoodsolutions.com\/ca\/blog-ca\/tot-lequipament-necessari-per-a-una-cuina-professional\/","og_site_name":"IndusFood Solutions","article_published_time":"2025-10-30T11:22:58+00:00","article_modified_time":"2025-11-03T19:06:42+00:00","og_image":[{"width":768,"height":512,"url":"https:\/\/www.indusfoodsolutions.com\/wp-content\/uploads\/2025\/10\/equipament-necessari-per-una-cuina-professional.jpg","type":"image\/jpeg"}],"author":"admin","twitter_card":"summary_large_image","twitter_misc":{"Escrit per":"admin","Temps estimat de lectura":"7 minuts"},"schema":{"@context":"https:\/\/schema.org","@graph":[{"@type":"Article","@id":"https:\/\/www.indusfoodsolutions.com\/ca\/blog-ca\/tot-lequipament-necessari-per-a-una-cuina-professional\/#article","isPartOf":{"@id":"https:\/\/www.indusfoodsolutions.com\/ca\/blog-ca\/tot-lequipament-necessari-per-a-una-cuina-professional\/"},"author":{"name":"admin","@id":"https:\/\/www.indusfoodsolutions.com\/ca\/#\/schema\/person\/8147f4280f166f966774d44ca532a4ca"},"headline":"TOT l&#8217;Equipament necessari per a una Cuina Professional","datePublished":"2025-10-30T11:22:58+00:00","dateModified":"2025-11-03T19:06:42+00:00","mainEntityOfPage":{"@id":"https:\/\/www.indusfoodsolutions.com\/ca\/blog-ca\/tot-lequipament-necessari-per-a-una-cuina-professional\/"},"wordCount":1440,"publisher":{"@id":"https:\/\/www.indusfoodsolutions.com\/ca\/#organization"},"image":{"@id":"https:\/\/www.indusfoodsolutions.com\/ca\/blog-ca\/tot-lequipament-necessari-per-a-una-cuina-professional\/#primaryimage"},"thumbnailUrl":"https:\/\/www.indusfoodsolutions.com\/wp-content\/uploads\/2025\/10\/equipament-necessari-per-una-cuina-professional.jpg","articleSection":["Blog"],"inLanguage":"ca"},{"@type":"WebPage","@id":"https:\/\/www.indusfoodsolutions.com\/ca\/blog-ca\/tot-lequipament-necessari-per-a-una-cuina-professional\/","url":"https:\/\/www.indusfoodsolutions.com\/ca\/blog-ca\/tot-lequipament-necessari-per-a-una-cuina-professional\/","name":"\u1405 TOT l'Equipament per a una Cuina Professional \u30102026\u3011","isPartOf":{"@id":"https:\/\/www.indusfoodsolutions.com\/ca\/#website"},"primaryImageOfPage":{"@id":"https:\/\/www.indusfoodsolutions.com\/ca\/blog-ca\/tot-lequipament-necessari-per-a-una-cuina-professional\/#primaryimage"},"image":{"@id":"https:\/\/www.indusfoodsolutions.com\/ca\/blog-ca\/tot-lequipament-necessari-per-a-una-cuina-professional\/#primaryimage"},"thumbnailUrl":"https:\/\/www.indusfoodsolutions.com\/wp-content\/uploads\/2025\/10\/equipament-necessari-per-una-cuina-professional.jpg","datePublished":"2025-10-30T11:22:58+00:00","dateModified":"2025-11-03T19:06:42+00:00","breadcrumb":{"@id":"https:\/\/www.indusfoodsolutions.com\/ca\/blog-ca\/tot-lequipament-necessari-per-a-una-cuina-professional\/#breadcrumb"},"inLanguage":"ca","potentialAction":[{"@type":"ReadAction","target":["https:\/\/www.indusfoodsolutions.com\/ca\/blog-ca\/tot-lequipament-necessari-per-a-una-cuina-professional\/"]}]},{"@type":"ImageObject","inLanguage":"ca","@id":"https:\/\/www.indusfoodsolutions.com\/ca\/blog-ca\/tot-lequipament-necessari-per-a-una-cuina-professional\/#primaryimage","url":"https:\/\/www.indusfoodsolutions.com\/wp-content\/uploads\/2025\/10\/equipament-necessari-per-una-cuina-professional.jpg","contentUrl":"https:\/\/www.indusfoodsolutions.com\/wp-content\/uploads\/2025\/10\/equipament-necessari-per-una-cuina-professional.jpg","width":768,"height":512},{"@type":"BreadcrumbList","@id":"https:\/\/www.indusfoodsolutions.com\/ca\/blog-ca\/tot-lequipament-necessari-per-a-una-cuina-professional\/#breadcrumb","itemListElement":[{"@type":"ListItem","position":1,"name":"Portada","item":"https:\/\/www.indusfoodsolutions.com\/ca\/"},{"@type":"ListItem","position":2,"name":"TOT l&#8217;Equipament necessari per a una Cuina Professional"}]},{"@type":"WebSite","@id":"https:\/\/www.indusfoodsolutions.com\/ca\/#website","url":"https:\/\/www.indusfoodsolutions.com\/ca\/","name":"IndusFood Solutions","description":"Consultor&iacute;a para la Industria Alimentaria","publisher":{"@id":"https:\/\/www.indusfoodsolutions.com\/ca\/#organization"},"potentialAction":[{"@type":"SearchAction","target":{"@type":"EntryPoint","urlTemplate":"https:\/\/www.indusfoodsolutions.com\/ca\/?s={search_term_string}"},"query-input":{"@type":"PropertyValueSpecification","valueRequired":true,"valueName":"search_term_string"}}],"inLanguage":"ca"},{"@type":"Organization","@id":"https:\/\/www.indusfoodsolutions.com\/ca\/#organization","name":"IndusFood Solutions","url":"https:\/\/www.indusfoodsolutions.com\/ca\/","logo":{"@type":"ImageObject","inLanguage":"ca","@id":"https:\/\/www.indusfoodsolutions.com\/ca\/#\/schema\/logo\/image\/","url":"https:\/\/www.indusfoodsolutions.com\/wp-content\/uploads\/2023\/10\/cropped-indusfood-solutions-logotipo.png","contentUrl":"https:\/\/www.indusfoodsolutions.com\/wp-content\/uploads\/2023\/10\/cropped-indusfood-solutions-logotipo.png","width":350,"height":100,"caption":"IndusFood Solutions"},"image":{"@id":"https:\/\/www.indusfoodsolutions.com\/ca\/#\/schema\/logo\/image\/"}},{"@type":"Person","@id":"https:\/\/www.indusfoodsolutions.com\/ca\/#\/schema\/person\/8147f4280f166f966774d44ca532a4ca","name":"admin","image":{"@type":"ImageObject","inLanguage":"ca","@id":"https:\/\/secure.gravatar.com\/avatar\/0b1c6700346b535efceabd47c606c9c52ccbf81f3f6b94de0e3660a451341180?s=96&d=mm&r=g","url":"https:\/\/secure.gravatar.com\/avatar\/0b1c6700346b535efceabd47c606c9c52ccbf81f3f6b94de0e3660a451341180?s=96&d=mm&r=g","contentUrl":"https:\/\/secure.gravatar.com\/avatar\/0b1c6700346b535efceabd47c606c9c52ccbf81f3f6b94de0e3660a451341180?s=96&d=mm&r=g","caption":"admin"},"sameAs":["https:\/\/www.indusfoodsolutions.com"],"url":"https:\/\/www.indusfoodsolutions.com\/ca\/author\/admin\/"}]}},"_links":{"self":[{"href":"https:\/\/www.indusfoodsolutions.com\/ca\/wp-json\/wp\/v2\/posts\/1371","targetHints":{"allow":["GET"]}}],"collection":[{"href":"https:\/\/www.indusfoodsolutions.com\/ca\/wp-json\/wp\/v2\/posts"}],"about":[{"href":"https:\/\/www.indusfoodsolutions.com\/ca\/wp-json\/wp\/v2\/types\/post"}],"author":[{"embeddable":true,"href":"https:\/\/www.indusfoodsolutions.com\/ca\/wp-json\/wp\/v2\/users\/1"}],"replies":[{"embeddable":true,"href":"https:\/\/www.indusfoodsolutions.com\/ca\/wp-json\/wp\/v2\/comments?post=1371"}],"version-history":[{"count":0,"href":"https:\/\/www.indusfoodsolutions.com\/ca\/wp-json\/wp\/v2\/posts\/1371\/revisions"}],"wp:featuredmedia":[{"embeddable":true,"href":"https:\/\/www.indusfoodsolutions.com\/ca\/wp-json\/wp\/v2\/media\/1372"}],"wp:attachment":[{"href":"https:\/\/www.indusfoodsolutions.com\/ca\/wp-json\/wp\/v2\/media?parent=1371"}],"wp:term":[{"taxonomy":"category","embeddable":true,"href":"https:\/\/www.indusfoodsolutions.com\/ca\/wp-json\/wp\/v2\/categories?post=1371"},{"taxonomy":"post_tag","embeddable":true,"href":"https:\/\/www.indusfoodsolutions.com\/ca\/wp-json\/wp\/v2\/tags?post=1371"}],"curies":[{"name":"wp","href":"https:\/\/api.w.org\/{rel}","templated":true}]}}